{"id":2161,"date":"2019-10-19T20:02:55","date_gmt":"2019-10-19T20:02:55","guid":{"rendered":"https:\/\/libertate.com.ar\/pruebas\/reciclando-con-inclusion\/"},"modified":"2019-10-19T20:02:55","modified_gmt":"2019-10-19T20:02:55","slug":"reciclando-con-inclusion","status":"publish","type":"post","link":"https:\/\/libertate.com.ar\/pruebas\/reciclando-con-inclusion\/","title":{"rendered":"Reciclando con Inclusi\u00f3n"},"content":{"rendered":"\n<h1 class=\"wp-block-heading\">Reciclando con Inclusi\u00f3n<\/h1>\n\n\n\n<h2 class=\"wp-block-heading\"><strong>\u00bfQu\u00e9 es Reciclando con Inclusi\u00f3n?<\/strong><\/h2>\n\n\n\n<p> El proyecto Reciclando con Inclusi\u00f3n es una iniciativa de Inversi\u00f3n Social que estamos impulsando con el Taller Protegido de Producci\u00f3n UPAMM, el Municipio de Mor\u00f3n y el Estudio Dos Puntos DI. Queremos implementar una l\u00ednea productiva de triple impacto -econ\u00f3mico, social y ambiental- conformada por un equipo de trabajo inclusivo, que mediante el reciclaje de tapitas pl\u00e1sticas fabrique productos comercializables y rentables. <\/p>\n\n\n\n<figure class=\\\"wp-block-image\\\"><img src=\\\"https:\/\/libertate.com.ar\/pruebas\/wp-content\/uploads\/reciclando1.jpg\\\" alt=\\\"Con el equipo del Taller Protegido de Producci\u00f3n\\\" class=\\\"wp-image-2288\\\"\/><\/figure>\n\n\n\n<h2 class=\"wp-block-heading\"><strong>\u00bfY esto c\u00f3mo se logra?<\/strong><\/h2>\n\n\n\n<p>Durante el a\u00f1o 2018 realizamos un an\u00e1lisis de factibilidad econ\u00f3mico, t\u00e9cnico y sociolaboral del proyecto. Hoy nos proponemos montar la primera l\u00ednea productiva en el Taller Protegido de Producci\u00f3n UPAMM ubicado en El Palomar, que comenzar\u00e1 con la producci\u00f3n de una l\u00ednea de productos para oficina que incluye cuadernos, lapiceros, maceteros, organizadores, etc, todos realizados en base a tapitas pl\u00e1sticas.  <\/p>\n\n\n\n<p> Adem\u00e1s, estamos poniendo especial atenci\u00f3n en la generaci\u00f3n de oportunidades de trabajo para las mujeres con discapacidad, que son las m\u00e1s relegadas del mercado laboral. <\/p>\n\n\n\n<figure class=\\\"wp-block-image\\\"><img src=\\\"https:\/\/libertate.com.ar\/pruebas\/wp-content\/uploads\/reciclando2.jpg\\\" alt=\\\"Equipo mostrando algunos de los productos elaborados con tapitas pl\u00e1sticas.\\\" class=\\\"wp-image-2289\\\"\/><\/figure>\n\n\n\n<h2 class=\"wp-block-heading\"><strong>Reconocimiento e impulsos<\/strong><\/h2>\n\n\n\n<p> El 27 de agosto de 2019 logramos el apoyo de la Fundaci\u00f3n Avon, que a trav\u00e9s del <a href=\\\"https:\/\/youtu.be\/VyQ3qPslUfQ\\\">Premio Mujeres Solidarias<\/a> nos brind\u00f3 parte de los fondos para la puesta en marcha de la l\u00ednea productiva y tambi\u00e9n desde el Municipio de Mor\u00f3n, que a trav\u00e9s de sus Puntos Verdes est\u00e1n realizando recolecci\u00f3n de tapitas. <\/p>\n\n\n\n<figure class=\\\"wp-block-image\\\"><img src=\\\"https:\/\/libertate.com.ar\/pruebas\/wp-content\/uploads\/reciclando3.jpg\\\" alt=\\\"Equipo de Libertate en el evento del Premio Mujeres Solidarias de la Fundaci\u00f3n Avon\\\" class=\\\"wp-image-2287\\\"\/><\/figure>\n\n\n\n<p>\u00a1Eso no fue todo! Interesado por el proyecto, Julio Baz\u00e1n de TN Noticias se acerc\u00f3 hasta Mor\u00f3n para conocer el taller y <a href=\\\"https:\/\/youtu.be\/nfTnahm3Dy4\\\">entrevistarnos en vivo<\/a>. <\/p>\n\n\n\n<h2 class=\"wp-block-heading\"><strong>Pero ojo que esto no termin\u00f3, reci\u00e9n empieza y pod\u00e9s ayudar:<\/strong><\/h2>\n\n\n\n<p>Nos encontramos en la b\u00fasqueda de co-financiadores y aliados para potenciar esta iniciativa.&nbsp;<\/p>\n\n\n\n<p>Si te interesa <a href=\\\"https:\/\/youtu.be\/VyQ3qPslUfQ\\\" target=\\\"_blank\\\" rel=\\\"noreferrer noopener\\\" aria-label=\\\" (abre en una nueva pesta\u00f1a)\\\">este proyecto<\/a> pod\u00e9s:<\/p>\n\n\n\n<p>Escribirnos a nuestro mail: <a href=\\\"mailto:info.libertate@gmail.com\\\">info.libertate@gmail.com<\/a><\/p>\n","protected":false},"excerpt":{"rendered":"<p>Combinamos el reciclaje con la inclusi\u00f3n laboral de personas con discapacidad y la Fundaci\u00f3n AVON nos distingui\u00f3 con el premio Mujeres Solidarias.<\/p>\n","protected":false},"author":3,"featured_media":2316,"comment_status":"closed","ping_status":"closed","sticky":false,"template":"","format":"standard","meta":{"_uag_custom_page_level_css":"","site-sidebar-layout":"default","site-content-layout":"","ast-site-content-layout":"","site-content-style":"default","site-sidebar-style":"default","ast-global-header-display":"","ast-banner-title-visibility":"","ast-main-header-display":"","ast-hfb-above-header-display":"","ast-hfb-below-header-display":"","ast-hfb-mobile-header-display":"","site-post-title":"","ast-breadcrumbs-content":"","ast-featured-img":"","footer-sml-layout":"","theme-transparent-header-meta":"","adv-header-id-meta":"","stick-header-meta":"","header-above-stick-meta":"","header-main-stick-meta":"","header-below-stick-meta":"","astra-migrate-meta-layouts":"default","ast-page-background-enabled":"default","ast-page-background-meta":{"desktop":{"background-color":"","background-image":"","background-repeat":"repeat","background-position":"center center","background-size":"auto","background-attachment":"scroll","background-type":"","background-media":"","overlay-type":"","overlay-color":"","overlay-opacity":"","overlay-gradient":""},"tablet":{"background-color":"","background-image":"","background-repeat":"repeat","background-position":"center center","background-size":"auto","background-attachment":"scroll","background-type":"","background-media":"","overlay-type":"","overlay-color":"","overlay-opacity":"","overlay-gradient":""},"mobile":{"background-color":"","background-image":"","background-repeat":"repeat","background-position":"center center","background-size":"auto","background-attachment":"scroll","background-type":"","background-media":"","overlay-type":"","overlay-color":"","overlay-opacity":"","overlay-gradient":""}},"ast-content-background-meta":{"desktop":{"background-color":"var(--ast-global-color-5)","background-image":"","background-repeat":"repeat","background-position":"center center","background-size":"auto","background-attachment":"scroll","background-type":"","background-media":"","overlay-type":"","overlay-color":"","overlay-opacity":"","overlay-gradient":""},"tablet":{"background-color":"var(--ast-global-color-5)","background-image":"","background-repeat":"repeat","background-position":"center center","background-size":"auto","background-attachment":"scroll","background-type":"","background-media":"","overlay-type":"","overlay-color":"","overlay-opacity":"","overlay-gradient":""},"mobile":{"background-color":"var(--ast-global-color-5)","background-image":"","background-repeat":"repeat","background-position":"center center","background-size":"auto","background-attachment":"scroll","background-type":"","background-media":"","overlay-type":"","overlay-color":"","overlay-opacity":"","overlay-gradient":""}},"footnotes":""},"categories":[16],"tags":[],"class_list":["post-2161","post","type-post","status-publish","format-standard","has-post-thumbnail","hentry","category-proyectos"],"uagb_featured_image_src":{"full":["https:\/\/libertate.com.ar\/pruebas\/wp-content\/uploads\/Portada.jpg",1280,552,false],"thumbnail":["https:\/\/libertate.com.ar\/pruebas\/wp-content\/uploads\/Portada-150x150.jpg",150,150,true],"medium":["https:\/\/libertate.com.ar\/pruebas\/wp-content\/uploads\/Portada-300x129.jpg",300,129,true],"medium_large":["https:\/\/libertate.com.ar\/pruebas\/wp-content\/uploads\/Portada-768x331.jpg",768,331,true],"large":["https:\/\/libertate.com.ar\/pruebas\/wp-content\/uploads\/Portada-1024x442.jpg",1024,442,true],"1536x1536":["https:\/\/libertate.com.ar\/pruebas\/wp-content\/uploads\/Portada.jpg",1280,552,false],"2048x2048":["https:\/\/libertate.com.ar\/pruebas\/wp-content\/uploads\/Portada.jpg",1280,552,false]},"uagb_author_info":{"display_name":"libertate","author_link":"https:\/\/libertate.com.ar\/pruebas\/author\/libertate\/"},"uagb_comment_info":0,"uagb_excerpt":"Combinamos el reciclaje con la inclusi\u00f3n laboral de personas con discapacidad y la Fundaci\u00f3n AVON nos distingui\u00f3 con el premio Mujeres Solidarias.","_links":{"self":[{"href":"https:\/\/libertate.com.ar\/pruebas\/wp-json\/wp\/v2\/posts\/2161","targetHints":{"allow":["GET"]}}],"collection":[{"href":"https:\/\/libertate.com.ar\/pruebas\/wp-json\/wp\/v2\/posts"}],"about":[{"href":"https:\/\/libertate.com.ar\/pruebas\/wp-json\/wp\/v2\/types\/post"}],"author":[{"embeddable":true,"href":"https:\/\/libertate.com.ar\/pruebas\/wp-json\/wp\/v2\/users\/3"}],"replies":[{"embeddable":true,"href":"https:\/\/libertate.com.ar\/pruebas\/wp-json\/wp\/v2\/comments?post=2161"}],"version-history":[{"count":0,"href":"https:\/\/libertate.com.ar\/pruebas\/wp-json\/wp\/v2\/posts\/2161\/revisions"}],"wp:featuredmedia":[{"embeddable":true,"href":"https:\/\/libertate.com.ar\/pruebas\/wp-json\/wp\/v2\/media\/2316"}],"wp:attachment":[{"href":"https:\/\/libertate.com.ar\/pruebas\/wp-json\/wp\/v2\/media?parent=2161"}],"wp:term":[{"taxonomy":"category","embeddable":true,"href":"https:\/\/libertate.com.ar\/pruebas\/wp-json\/wp\/v2\/categories?post=2161"},{"taxonomy":"post_tag","embeddable":true,"href":"https:\/\/libertate.com.ar\/pruebas\/wp-json\/wp\/v2\/tags?post=2161"}],"curies":[{"name":"wp","href":"https:\/\/api.w.org\/{rel}","templated":true}]}}