{"id":2170,"date":"2019-10-19T20:55:16","date_gmt":"2019-10-19T20:55:16","guid":{"rendered":"https:\/\/libertate.com.ar\/pruebas\/googleando-la-inclusion\/"},"modified":"2019-10-19T20:55:16","modified_gmt":"2019-10-19T20:55:16","slug":"googleando-la-inclusion","status":"publish","type":"post","link":"https:\/\/libertate.com.ar\/pruebas\/googleando-la-inclusion\/","title":{"rendered":"Googleando la inclusi\u00f3n"},"content":{"rendered":"\n<h1 class=\"wp-block-heading\">Googleando la inclusi\u00f3n<\/h1>\n\n\n\n<p>Hoy en d\u00eda, buena parte de nuestra vida se desarrolla en entornos digitales, y en esos entornos el principal referente es Google, con miles de herramientas que nos permiten desenvolvernos, conectarnos e informarnos, entre tantas otras cosas.  <\/p>\n\n\n\n<p><strong>Ahora, \u00bfEstas herramientas est\u00e1n al alcance de cualquier persona?<\/strong> Seg\u00fan el mismo CEO de Google, Sundar Pichai, \u201cla gran promesa de la tecnolog\u00eda es darles a todos el mismo poder para alcanzar sus objetivos. <strong>Si ciertas personas siguen teniendo limitaciones, a\u00fan tenemos trabajo pendiente<\/strong>\\\u00bb.  <\/p>\n\n\n\n<p>Este trabajo por hacer al que refiere Pichai, implica entre otras cosas abordar la tem\u00e1tica de la discapacidad y plantear un plan de acci\u00f3n bas\u00e1ndose en una estrategia transversal al negocio. Las empresas inclusivas saben que la discapacidad debe ser incluida en la estrategia corporativa porque las personas con discapacidad no son agentes externos, sino que son parte de sus familias, socios, clientes, consumidores, proveedores, colaboradores y miembros de la comunidad.  <\/p>\n\n\n\n<h2 class=\"wp-block-heading\"><strong>Buscando la Inclusi\u00f3n<\/strong><\/h2>\n\n\n\n<p>A trav\u00e9s de un Workshop in Company con distintos referentes de Google Argentina, planteamos un espacio que permiti\u00f3 realizar una sensibilizaci\u00f3n, formaci\u00f3n y un diagn\u00f3stico participativo para comprender la situaci\u00f3n actual interna de la empresa en el pa\u00eds con respecto a la tem\u00e1tica discapacidad y a partir de ah\u00ed, comenzar a co-crear un plan de acci\u00f3n con estrategias transversales y sostenibles en discapacidad. <\/p>\n\n\n\n<figure class=\\\"wp-block-image\\\"><img src=\\\"https:\/\/libertate.com.ar\/pruebas\/wp-content\/uploads\/googleando1.jpg\\\" alt=\\\"Workshop en Google Argentina\\\" class=\\\"wp-image-2292\\\"\/><\/figure>\n\n\n\n<p>En el Workshop no s\u00f3lo nos conocimos y comenzamos a trazar estrategias, sino que tambi\u00e9n contamos con la presencia de Andr\u00e9s Terrile, con quien a partir de sus vivencias y experiencia, conversamos sobre discapacidad, tecnolog\u00eda, prejuicios y trabajo, mientras disfrutamos de las sabrosas creaciones del proveedor inclusivo \\\u00bb<a href=\\\"https:\/\/www.facebook.com\/Asociaci%C3%B3n-Civil-Generaci%C3%B3n-de-Cambios-649882995146099\/\\\">Generaci\u00f3n de Cambios<\/a>\\\u00bb. <\/p>\n\n\n\n<figure class=\\\"wp-block-image\\\"><img src=\\\"https:\/\/libertate.com.ar\/pruebas\/wp-content\/uploads\/googleando2-1.jpg\\\" alt=\\\"&quot;&quot;\\\" class=\\\"wp-image-2294\\\"\/><figcaption>\\\u00bb\\\u00bb<\/figcaption><\/figure>\n\n\n\n<h2 class=\"wp-block-heading\"><strong>\u00bfQu\u00e9 sigue?<\/strong><\/h2>\n\n\n\n<p>Durante estos meses estuvimos realizando mesas de trabajo y reuniones online para preparar la presentaci\u00f3n de la Estrategia Google Inclusivo, que ver\u00e1 la luz durante este mes de octubre.  <\/p>\n\n\n\n<figure class=\\\"wp-block-image\\\"><img src=\\\"https:\/\/libertate.com.ar\/pruebas\/wp-content\/uploads\/googleando3-1.jpg\\\" alt=\\\"&quot;&quot;\\\" class=\\\"wp-image-2296\\\"\/><\/figure>\n\n\n\n<p>A nivel global, la marca es reconocida por su trabajo en pos de la inclusi\u00f3n dentro y fuera de la empresa. Ahora, gracias al trabajo conjunto que estamos realizando con el equipo y el compromiso que asumieron,<strong> la filial local afianza su camino para comenzar a trabajar en pr\u00e1cticas inclusivas.<\/strong><\/p>\n\n\n\n<p>\u00bfTe interesa lo que hacemos? \u00a1Contactanos!&nbsp;Escribirnos a nuestro mail: <a href=\\\"mailto:info.libertate@gmail.com\\\">info.libertate@gmail.com<\/a><\/p>\n","protected":false},"excerpt":{"rendered":"<p>A trav\u00e9s de un workshop realizamos una acci\u00f3n de sensibilizaci\u00f3n, formaci\u00f3n y diagn\u00f3stico participativo para comprender la situaci\u00f3n actual interna de la empresa en Argentina con respecto a la tem\u00e1tica discapacidad. <\/p>\n","protected":false},"author":3,"featured_media":2315,"comment_status":"closed","ping_status":"closed","sticky":false,"template":"","format":"standard","meta":{"_uag_custom_page_level_css":"","site-sidebar-layout":"default","site-content-layout":"","ast-site-content-layout":"","site-content-style":"default","site-sidebar-style":"default","ast-global-header-display":"","ast-banner-title-visibility":"","ast-main-header-display":"","ast-hfb-above-header-display":"","ast-hfb-below-header-display":"","ast-hfb-mobile-header-display":"","site-post-title":"","ast-breadcrumbs-content":"","ast-featured-img":"","footer-sml-layout":"","theme-transparent-header-meta":"","adv-header-id-meta":"","stick-header-meta":"","header-above-stick-meta":"","header-main-stick-meta":"","header-below-stick-meta":"","astra-migrate-meta-layouts":"default","ast-page-background-enabled":"default","ast-page-background-meta":{"desktop":{"background-color":"","background-image":"","background-repeat":"repeat","background-position":"center center","background-size":"auto","background-attachment":"scroll","background-type":"","background-media":"","overlay-type":"","overlay-color":"","overlay-opacity":"","overlay-gradient":""},"tablet":{"background-color":"","background-image":"","background-repeat":"repeat","background-position":"center center","background-size":"auto","background-attachment":"scroll","background-type":"","background-media":"","overlay-type":"","overlay-color":"","overlay-opacity":"","overlay-gradient":""},"mobile":{"background-color":"","background-image":"","background-repeat":"repeat","background-position":"center center","background-size":"auto","background-attachment":"scroll","background-type":"","background-media":"","overlay-type":"","overlay-color":"","overlay-opacity":"","overlay-gradient":""}},"ast-content-background-meta":{"desktop":{"background-color":"var(--ast-global-color-5)","background-image":"","background-repeat":"repeat","background-position":"center center","background-size":"auto","background-attachment":"scroll","background-type":"","background-media":"","overlay-type":"","overlay-color":"","overlay-opacity":"","overlay-gradient":""},"tablet":{"background-color":"var(--ast-global-color-5)","background-image":"","background-repeat":"repeat","background-position":"center center","background-size":"auto","background-attachment":"scroll","background-type":"","background-media":"","overlay-type":"","overlay-color":"","overlay-opacity":"","overlay-gradient":""},"mobile":{"background-color":"var(--ast-global-color-5)","background-image":"","background-repeat":"repeat","background-position":"center center","background-size":"auto","background-attachment":"scroll","background-type":"","background-media":"","overlay-type":"","overlay-color":"","overlay-opacity":"","overlay-gradient":""}},"footnotes":""},"categories":[16],"tags":[],"class_list":["post-2170","post","type-post","status-publish","format-standard","has-post-thumbnail","hentry","category-proyectos"],"uagb_featured_image_src":{"full":["https:\/\/libertate.com.ar\/pruebas\/wp-content\/uploads\/Portada-2.jpg",1280,552,false],"thumbnail":["https:\/\/libertate.com.ar\/pruebas\/wp-content\/uploads\/Portada-2-150x150.jpg",150,150,true],"medium":["https:\/\/libertate.com.ar\/pruebas\/wp-content\/uploads\/Portada-2-300x129.jpg",300,129,true],"medium_large":["https:\/\/libertate.com.ar\/pruebas\/wp-content\/uploads\/Portada-2-768x331.jpg",768,331,true],"large":["https:\/\/libertate.com.ar\/pruebas\/wp-content\/uploads\/Portada-2-1024x442.jpg",1024,442,true],"1536x1536":["https:\/\/libertate.com.ar\/pruebas\/wp-content\/uploads\/Portada-2.jpg",1280,552,false],"2048x2048":["https:\/\/libertate.com.ar\/pruebas\/wp-content\/uploads\/Portada-2.jpg",1280,552,false]},"uagb_author_info":{"display_name":"libertate","author_link":"https:\/\/libertate.com.ar\/pruebas\/author\/libertate\/"},"uagb_comment_info":0,"uagb_excerpt":"A trav\u00e9s de un workshop realizamos una acci\u00f3n de sensibilizaci\u00f3n, formaci\u00f3n y diagn\u00f3stico participativo para comprender la situaci\u00f3n actual interna de la empresa en Argentina con respecto a la tem\u00e1tica discapacidad.","_links":{"self":[{"href":"https:\/\/libertate.com.ar\/pruebas\/wp-json\/wp\/v2\/posts\/2170","targetHints":{"allow":["GET"]}}],"collection":[{"href":"https:\/\/libertate.com.ar\/pruebas\/wp-json\/wp\/v2\/posts"}],"about":[{"href":"https:\/\/libertate.com.ar\/pruebas\/wp-json\/wp\/v2\/types\/post"}],"author":[{"embeddable":true,"href":"https:\/\/libertate.com.ar\/pruebas\/wp-json\/wp\/v2\/users\/3"}],"replies":[{"embeddable":true,"href":"https:\/\/libertate.com.ar\/pruebas\/wp-json\/wp\/v2\/comments?post=2170"}],"version-history":[{"count":0,"href":"https:\/\/libertate.com.ar\/pruebas\/wp-json\/wp\/v2\/posts\/2170\/revisions"}],"wp:featuredmedia":[{"embeddable":true,"href":"https:\/\/libertate.com.ar\/pruebas\/wp-json\/wp\/v2\/media\/2315"}],"wp:attachment":[{"href":"https:\/\/libertate.com.ar\/pruebas\/wp-json\/wp\/v2\/media?parent=2170"}],"wp:term":[{"taxonomy":"category","embeddable":true,"href":"https:\/\/libertate.com.ar\/pruebas\/wp-json\/wp\/v2\/categories?post=2170"},{"taxonomy":"post_tag","embeddable":true,"href":"https:\/\/libertate.com.ar\/pruebas\/wp-json\/wp\/v2\/tags?post=2170"}],"curies":[{"name":"wp","href":"https:\/\/api.w.org\/{rel}","templated":true}]}}