{"id":2280,"date":"2019-10-19T21:43:58","date_gmt":"2019-10-19T21:43:58","guid":{"rendered":"https:\/\/libertate.com.ar\/pruebas\/de-cit-a-ciit\/"},"modified":"2019-10-19T21:43:58","modified_gmt":"2019-10-19T21:43:58","slug":"de-cit-a-ciit","status":"publish","type":"post","link":"https:\/\/libertate.com.ar\/pruebas\/de-cit-a-ciit\/","title":{"rendered":"De CIT a CIIT"},"content":{"rendered":"\n<h1 class=\"wp-block-heading\"><strong>De CIT a CIIT<\/strong><\/h1>\n\n\n\n<p> En la actualidad, el mercado laboral es un territorio hostil para las personas j\u00f3venes. Y cuando esas personas j\u00f3venes son tambi\u00e9n personas con discapacidad, la dificultad a la hora de encontrar un empleo se multiplica. El ingreso al mundo laboral&nbsp; es algo a lo que muchas veces la escuela no nos prepara, por eso el Estado Nacional cre\u00f3 en el a\u00f1o 2008 el Programa J\u00f3venes con M\u00e1s y Mejor Trabajo, destinado para personas entre 18 y 24 a\u00f1os.   <\/p>\n\n\n\n<p> De este programa se desprende el CIT, (Curso de Introducci\u00f3n al Trabajo) cuyo objetivo es desarrollar habilidades blandas en los j\u00f3venes y preparar su perfil laboral. <strong>Desde Libertate notamos que en estos cursos no hab\u00eda participaci\u00f3n de j\u00f3venes con discapacidad<\/strong> por no estar garantizadas las condiciones de accesibilidad, entonces le propusimos al Ministerio de Producci\u00f3n y Trabajo de la Naci\u00f3n desarrollar en conjunto una versi\u00f3n accesible de este curso, para que nadie quede excluido del derecho a un trabajo digno  <\/p>\n\n\n\n<figure class=\\\"wp-block-image\\\"><img src=\\\"https:\/\/libertate.com.ar\/pruebas\/wp-content\/uploads\/CIIT.jpg\\\" alt=\\\"Participaci\u00f3n de personas con discapacidad en el Curso de Introducci\u00f3n al Trabajo\\\" class=\\\"wp-image-2307\\\"\/><\/figure>\n\n\n\n<h2 class=\"wp-block-heading\"><strong>\u00bfC\u00f3mo trabajamos en conjunto con el Estado?<\/strong><\/h2>\n\n\n\n<p>De nuestra parte <strong>estamos accesibilizando todos los contenidos de los cursos<\/strong>, invirtiendo horas de trabajo en crear nuevas formas de abordar el programa, generando talleres din\u00e1micos, participativos y adem\u00e1s inclusivos, ya que est\u00e1n <strong>abiertos y pensados para cualquier persona joven, tenga o no una discapacidad<\/strong>.  <\/p>\n\n\n\n<p>Uno de los agregados de valor m\u00e1s importantes es la articulaci\u00f3n que logramos con diversas empresas como <strong>Banco Macro<\/strong>, que dio un taller de Cuentas Sanas &#8211; M\u00f3dulo de Finanzas Personales, el desarollador de software <strong>SAP<\/strong>, que convocando a diez empleados voluntarios facilit\u00f3 un simulacro de entrevistas en sus oficinas y la startup <strong>Americas Car Group Argentina<\/strong>, que realiz\u00f3 un entrenamiento de entrevistas.   <\/p>\n\n\n\n<figure class=\\\"wp-block-image\\\"><img src=\\\"https:\/\/libertate.com.ar\/pruebas\/wp-content\/uploads\/CIIT-visita-a-SAP.jpg\\\" alt=\\\"Taller de Cuentas Sanas\\\" class=\\\"wp-image-2304\\\"\/><\/figure>\n\n\n\n<p>Adem\u00e1s, a trav\u00e9s de la Fundaci\u00f3n Ense\u00f1\u00e1 por Argentina, contamos con la presencia de Agustina Catone, Directora de Negocio Responsable de Telef\u00f3nica Argentina y de Fundaci\u00f3n Telef\u00f3nica Argentina, acompa\u00f1ada por Carolina Crosta. En otro de los encuentros el CEO de Coca Cola Andina, Miguel \u00c1ngel Peirano Serrano, tambi\u00e9n comparti\u00f3 su trayecto y experiencia respondiendo las inquietudes de los y las j\u00f3venes. Adem\u00e1s, la Fundaci\u00f3n Avon realiz\u00f3 un taller sobre g\u00e9nero e Incl\u00fayeme.com tambi\u00e9n se acerc\u00f3 para seguir aportando valor.   <\/p>\n\n\n\n<figure class=\\\"wp-block-image\\\"><img src=\\\"https:\/\/libertate.com.ar\/pruebas\/wp-content\/uploads\/CIIT-practica-entrevistas.jpg\\\" alt=\\\"Entrenamiento de entrevistas\\\" class=\\\"wp-image-2305\\\"\/><\/figure>\n\n\n\n<p>Estas acciones son de suma importancia tanto para darles a los y las j\u00f3venes una perspectiva m\u00e1s realista del mercado laboral como tambi\u00e9n para las empresas, que <strong>comprenden de primera mano el potencial que tienen las personas con discapacidad<\/strong>. <\/p>\n\n\n\n<h2 class=\"wp-block-heading\"><strong>Con qui\u00e9nes y d\u00f3nde<\/strong><\/h2>\n\n\n\n<p>Este proyecto lo estamos llevando adelante gracias a un trabajo en articulaci\u00f3n con la mencionada <strong>Direcci\u00f3n de Discapacidad del Ministerio de Producci\u00f3n y Trabajo de la Naci\u00f3n<\/strong>, la labor territorial de la <strong>Agencia Territorial de Gral. San Mart\u00edn<\/strong>, la <strong>Fundaci\u00f3n DIIEJ<\/strong> y el <strong>Instituto Rom\u00e1n Rosell de San Isidro<\/strong>, donde se dictan los cursos los d\u00edas lunes y jueves de 10 a 13hs. Hemos tenido charlas y visitas de los principales referentes de las dependencias del Estado como as\u00ed tambi\u00e9n de empresas, pero esto sigue y ya tenemos agendadas nuevas visitas y entrevistas. <strong>No llegaste tarde, todav\u00eda pod\u00e9s sumarte.<\/strong><\/p>\n\n\n\n<p>\u00bfTe interesa lo que hacemos? \u00a1Contactanos!  Escribirnos a nuestro mail: <a rel=\\\"noreferrer noopener\\\" href=\\\"https:\/\/mail.google.com\/mail\/?view=cm&amp;fs=1&amp;tf=1&amp;to=info.libertate@gmail.com\\\" target=\\\"_blank\\\">info.libertate@gmail.com<\/a><\/p>\n","protected":false},"excerpt":{"rendered":"<p>Junto al Ministerio de Producci\u00f3n y Trabajo de la Naci\u00f3n, transformamos el Curso de Introducci\u00f3n al Trabajo en el Curso Inclusivo de Introducci\u00f3n al Trabajo.  Pasamos del CIT al CIIT, y una letra puede hacer mucha diferencia.<\/p>\n","protected":false},"author":3,"featured_media":2313,"comment_status":"closed","ping_status":"closed","sticky":false,"template":"","format":"standard","meta":{"_uag_custom_page_level_css":"","site-sidebar-layout":"default","site-content-layout":"","ast-site-content-layout":"","site-content-style":"default","site-sidebar-style":"default","ast-global-header-display":"","ast-banner-title-visibility":"","ast-main-header-display":"","ast-hfb-above-header-display":"","ast-hfb-below-header-display":"","ast-hfb-mobile-header-display":"","site-post-title":"","ast-breadcrumbs-content":"","ast-featured-img":"","footer-sml-layout":"","theme-transparent-header-meta":"","adv-header-id-meta":"","stick-header-meta":"","header-above-stick-meta":"","header-main-stick-meta":"","header-below-stick-meta":"","astra-migrate-meta-layouts":"default","ast-page-background-enabled":"default","ast-page-background-meta":{"desktop":{"background-color":"","background-image":"","background-repeat":"repeat","background-position":"center center","background-size":"auto","background-attachment":"scroll","background-type":"","background-media":"","overlay-type":"","overlay-color":"","overlay-opacity":"","overlay-gradient":""},"tablet":{"background-color":"","background-image":"","background-repeat":"repeat","background-position":"center center","background-size":"auto","background-attachment":"scroll","background-type":"","background-media":"","overlay-type":"","overlay-color":"","overlay-opacity":"","overlay-gradient":""},"mobile":{"background-color":"","background-image":"","background-repeat":"repeat","background-position":"center center","background-size":"auto","background-attachment":"scroll","background-type":"","background-media":"","overlay-type":"","overlay-color":"","overlay-opacity":"","overlay-gradient":""}},"ast-content-background-meta":{"desktop":{"background-color":"var(--ast-global-color-5)","background-image":"","background-repeat":"repeat","background-position":"center center","background-size":"auto","background-attachment":"scroll","background-type":"","background-media":"","overlay-type":"","overlay-color":"","overlay-opacity":"","overlay-gradient":""},"tablet":{"background-color":"var(--ast-global-color-5)","background-image":"","background-repeat":"repeat","background-position":"center center","background-size":"auto","background-attachment":"scroll","background-type":"","background-media":"","overlay-type":"","overlay-color":"","overlay-opacity":"","overlay-gradient":""},"mobile":{"background-color":"var(--ast-global-color-5)","background-image":"","background-repeat":"repeat","background-position":"center center","background-size":"auto","background-attachment":"scroll","background-type":"","background-media":"","overlay-type":"","overlay-color":"","overlay-opacity":"","overlay-gradient":""}},"footnotes":""},"categories":[16],"tags":[],"class_list":["post-2280","post","type-post","status-publish","format-standard","has-post-thumbnail","hentry","category-proyectos"],"uagb_featured_image_src":{"full":["https:\/\/libertate.com.ar\/pruebas\/wp-content\/uploads\/Portada-3.jpg",1280,552,false],"thumbnail":["https:\/\/libertate.com.ar\/pruebas\/wp-content\/uploads\/Portada-3-150x150.jpg",150,150,true],"medium":["https:\/\/libertate.com.ar\/pruebas\/wp-content\/uploads\/Portada-3-300x129.jpg",300,129,true],"medium_large":["https:\/\/libertate.com.ar\/pruebas\/wp-content\/uploads\/Portada-3-768x331.jpg",768,331,true],"large":["https:\/\/libertate.com.ar\/pruebas\/wp-content\/uploads\/Portada-3-1024x442.jpg",1024,442,true],"1536x1536":["https:\/\/libertate.com.ar\/pruebas\/wp-content\/uploads\/Portada-3.jpg",1280,552,false],"2048x2048":["https:\/\/libertate.com.ar\/pruebas\/wp-content\/uploads\/Portada-3.jpg",1280,552,false]},"uagb_author_info":{"display_name":"libertate","author_link":"https:\/\/libertate.com.ar\/pruebas\/author\/libertate\/"},"uagb_comment_info":0,"uagb_excerpt":"Junto al Ministerio de Producci\u00f3n y Trabajo de la Naci\u00f3n, transformamos el Curso de Introducci\u00f3n al Trabajo en el Curso Inclusivo de Introducci\u00f3n al Trabajo. Pasamos del CIT al CIIT, y una letra puede hacer mucha diferencia.","_links":{"self":[{"href":"https:\/\/libertate.com.ar\/pruebas\/wp-json\/wp\/v2\/posts\/2280","targetHints":{"allow":["GET"]}}],"collection":[{"href":"https:\/\/libertate.com.ar\/pruebas\/wp-json\/wp\/v2\/posts"}],"about":[{"href":"https:\/\/libertate.com.ar\/pruebas\/wp-json\/wp\/v2\/types\/post"}],"author":[{"embeddable":true,"href":"https:\/\/libertate.com.ar\/pruebas\/wp-json\/wp\/v2\/users\/3"}],"replies":[{"embeddable":true,"href":"https:\/\/libertate.com.ar\/pruebas\/wp-json\/wp\/v2\/comments?post=2280"}],"version-history":[{"count":0,"href":"https:\/\/libertate.com.ar\/pruebas\/wp-json\/wp\/v2\/posts\/2280\/revisions"}],"wp:featuredmedia":[{"embeddable":true,"href":"https:\/\/libertate.com.ar\/pruebas\/wp-json\/wp\/v2\/media\/2313"}],"wp:attachment":[{"href":"https:\/\/libertate.com.ar\/pruebas\/wp-json\/wp\/v2\/media?parent=2280"}],"wp:term":[{"taxonomy":"category","embeddable":true,"href":"https:\/\/libertate.com.ar\/pruebas\/wp-json\/wp\/v2\/categories?post=2280"},{"taxonomy":"post_tag","embeddable":true,"href":"https:\/\/libertate.com.ar\/pruebas\/wp-json\/wp\/v2\/tags?post=2280"}],"curies":[{"name":"wp","href":"https:\/\/api.w.org\/{rel}","templated":true}]}}