{"id":2325,"date":"2019-12-17T22:17:59","date_gmt":"2019-12-17T22:17:59","guid":{"rendered":"https:\/\/libertate.com.ar\/pruebas\/desarrollo-local-con-inclusion-junto-a-basf\/"},"modified":"2019-12-17T22:17:59","modified_gmt":"2019-12-17T22:17:59","slug":"desarrollo-local-con-inclusion-junto-a-basf","status":"publish","type":"post","link":"https:\/\/libertate.com.ar\/pruebas\/desarrollo-local-con-inclusion-junto-a-basf\/","title":{"rendered":"Desarrollo local con inclusi\u00f3n junto a BASF"},"content":{"rendered":"\n<h1 class=\"wp-block-heading\"><strong>Desarrollo local con inclusi\u00f3n junto a BASF<\/strong><\/h1>\n\n\n\n<figure class=\\\"wp-block-image\\\"><img src=\\\"https:\/\/www.libertate.com.ar\/wp-content\/uploads\/1.1.Dinamo-Mentorias-1024x678.jpg\\\" alt=\\\"Participantes de la mentor\u00eda\\\" class=\\\"wp-image-2327\\\"\/><\/figure>\n\n\n\n<h2 class=\"wp-block-heading\"><strong>La importancia de mantener un proceso<\/strong><\/h2>\n\n\n\n<p>All\u00e1 por 2018 comenz\u00e1bamos con Impulso D\u00ednamo, un programa de formaci\u00f3n emprendedora para personas con discapacidad que exitosamente permiti\u00f3 desarrollar proyectos, aprender sobre finanzas, herramientas digitales, comercializaci\u00f3n, marketing digital, trabajo en red, financiamiento y muchas cosas m\u00e1s. Pero el trabajo no termin\u00f3 ah\u00ed, ya que <strong>durante 2019 llevamos adelante la continuaci\u00f3n de este proceso bajo el proyecto D\u00ednamo Mentor\u00edas<\/strong>, esta vez oficiando como un espacio de acompa\u00f1amiento y mentor\u00eda personalizada para estos emprendimientos, <strong>articul\u00e1ndonos con la Direcci\u00f3n de Discapacidad del Municipio de Malvinas Argentinas y con el apoyo de BASF por segundo a\u00f1o consecutivo<\/strong> a trav\u00e9s de la convocatoria Conectar para Transformar.Y te adelantamos algo\u2026 <strong><em>no hay dos sin tres<\/em><\/strong>.\n\n<\/p>\n\n\n\n<h2 class=\"wp-block-heading\"><strong>Buena qu\u00edmica<\/strong><\/h2>\n\n\n\n<p>\n\nEste a\u00f1o articulamos nuestro programa con el voluntariado corporativo de la empresa, <strong>donde siete mentores de BASF se sumaron para acompa\u00f1ar de forma directa a los emprendedores<\/strong>, estableciendo nuevos v\u00ednculos, conexiones y generando transformaciones tanto en los emprendedores como en los voluntarios.\n\n<\/p>\n\n\n\n<p><strong>Acompa\u00f1amos a trece emprendimientos que involucran directamente a treinta y seis personas con discapacidad, pero alcanzando a muchas m\u00e1s personas en situaci\u00f3n de vulnerabilidad<\/strong> y a sus familias. A trav\u00e9s de mesas de mentor\u00eda se trabaj\u00f3 en tem\u00e1ticas como Plan de acci\u00f3n, Finanzas y armado de presupuesto, Comercializaci\u00f3n y Marketing.<\/p>\n\n\n\n<p>Estuvimos en el d\u00eda a d\u00eda conociendo el desarrollo de cada emprendimiento y las interacciones que se dieron entre las personas que llevaron adelante sus proyectos y de las personas que los tutelaron. Al respecto, <strong>nos interesa acercarles la visi\u00f3n de Gabriela Clerici<\/strong>, que trabaja como Marketing Assistant Agro S-APS\/SM en BASF y form\u00f3 parte de D\u00ednamo Mentor\u00edas:<\/p>\n\n\n\n<p><strong> \u00bfGabriela, qu\u00e9 te motiv\u00f3 a sumarte como voluntaria?<\/strong><\/p>\n\n\n\n<p>Me motiv\u00f3 la idea de contribuir al crecimiento de un emprendimiento desde mi conocimiento  y experiencia en el \u00e1rea de Marketing y Comunicaci\u00f3n. Participar de un proyecto productivo, de inclusi\u00f3n social, me motivaba a\u00fan m\u00e1s. <\/p>\n\n\n\n<p><strong><em>\u00bf<\/em>Qu\u00e9 te llev\u00e1s de la experiencia de voluntaria en el Programa D\u00ednamo Mentor\u00edas?<\/strong><\/p>\n\n\n\n<p> Me llevo much\u00edsimo m\u00e1s de lo que d\u00ed, en principio me preguntaba de qu\u00e9 manera pod\u00eda colaborar\u2026 y lo que <em>\u201ca priori\u201d<\/em> pens\u00e9 que estaba ligado al conocimiento acad\u00e9mico, a lo largo de los encuentros se convirti\u00f3 en v\u00ednculos, en el cultivo de las relaciones interpersonales, la confianza en el trabajo de la gente del taller. Juntos creamos una f\u00f3rmula qu\u00edmica que&nbsp; motoriza e impulsa todo en nuestras vidas: <em>cabeza + coraz\u00f3n = cohete a la Luna.<\/em><\/p>\n\n\n\n<h2 class=\"wp-block-heading\"><strong>La importancia de estar al tanto<\/strong><\/h2>\n\n\n\n<p>\n\nLas \u00e1reas de compras en las empresas siempre est\u00e1n atentas a las nuevas posibilidades. En el caso de BASF, gracias a este programa pudieron conocer de primera mano a varios emprendimientos directamente desde su desarrollo, y ello implic\u00f3 <strong>una ventaja tanto para la empresa como para los emprendedores<\/strong>, ya que algunos de estos proyectos no tuvieron que irse demasiado lejos para buscar a sus clientes. \u00bfQu\u00e9 pas\u00f3? Gracias a la cercan\u00eda que se logr\u00f3 generar entre las partes, <strong>este a\u00f1o logramos que uno de los emprendimientos se integre formalmente dentro de la cadena de valor de la BASF<\/strong>, y al mismo tiempo la empresa tambi\u00e9n le realizar\u00e1 compras inclusivas (con valor econ\u00f3mico y social) a otro de los emprendedores.\n\n<\/p>\n\n\n\n<p> Es importante remarcar que estas iniciativas ponen el foco en el desarrollo local, generando articulaci\u00f3n y promoviendo el desarrollo de todas las personas. <\/p>\n\n\n\n<figure class=\\\"wp-block-image\\\"><img src=\\\"https:\/\/www.libertate.com.ar\/wp-content\/uploads\/1.Dinamo-Mentorias-1-1024x678.jpg\\\" alt=\\\"&quot;&quot;\\\" class=\\\"wp-image-2340\\\"\/><\/figure>\n\n\n\n<h2 class=\"wp-block-heading\"><strong>Esto no termin\u00f3 ac\u00e1, se v\u00e1 la segunda y llega la tercera.<\/strong><\/h2>\n\n\n\n<p><strong>Libertate gan\u00f3 por tercer a\u00f1o consecutivo la convocatoria del programa Conectar para Transformar que realiza BASF en Latinoam\u00e9rica<\/strong>, por lo que el 2020 nos encontrar\u00e1 nuevamente trabajando en iniciativas que generen inclusi\u00f3n econ\u00f3mica de personas con discapacidad. <\/p>\n\n\n\n<p>Si quer\u00e9s saber m\u00e1s de esta&nbsp; #Revoluci\u00f3nInclusiva, seguinos en nuestras escribinos a nuestro e-mail:<a href=\\\"mailto: info@gmail.com\\\"> info@gmail.com<\/a><\/p>\n","protected":false},"excerpt":{"rendered":"<p>Con el apoyo de BASF y la Direcci\u00f3n de Discapacidad del Municipio de Malvinas Argentinas, este a\u00f1o continuamos el proceso de acompa\u00f1amiento a emprendimientos inclusivos mediante mesas de mentor\u00edas. <\/p>\n","protected":false},"author":3,"featured_media":2326,"comment_status":"closed","ping_status":"open","sticky":false,"template":"","format":"standard","meta":{"_uag_custom_page_level_css":"","site-sidebar-layout":"default","site-content-layout":"","ast-site-content-layout":"","site-content-style":"default","site-sidebar-style":"default","ast-global-header-display":"","ast-banner-title-visibility":"","ast-main-header-display":"","ast-hfb-above-header-display":"","ast-hfb-below-header-display":"","ast-hfb-mobile-header-display":"","site-post-title":"","ast-breadcrumbs-content":"","ast-featured-img":"","footer-sml-layout":"","theme-transparent-header-meta":"","adv-header-id-meta":"","stick-header-meta":"","header-above-stick-meta":"","header-main-stick-meta":"","header-below-stick-meta":"","astra-migrate-meta-layouts":"default","ast-page-background-enabled":"default","ast-page-background-meta":{"desktop":{"background-color":"","background-image":"","background-repeat":"repeat","background-position":"center center","background-size":"auto","background-attachment":"scroll","background-type":"","background-media":"","overlay-type":"","overlay-color":"","overlay-opacity":"","overlay-gradient":""},"tablet":{"background-color":"","background-image":"","background-repeat":"repeat","background-position":"center center","background-size":"auto","background-attachment":"scroll","background-type":"","background-media":"","overlay-type":"","overlay-color":"","overlay-opacity":"","overlay-gradient":""},"mobile":{"background-color":"","background-image":"","background-repeat":"repeat","background-position":"center center","background-size":"auto","background-attachment":"scroll","background-type":"","background-media":"","overlay-type":"","overlay-color":"","overlay-opacity":"","overlay-gradient":""}},"ast-content-background-meta":{"desktop":{"background-color":"var(--ast-global-color-5)","background-image":"","background-repeat":"repeat","background-position":"center center","background-size":"auto","background-attachment":"scroll","background-type":"","background-media":"","overlay-type":"","overlay-color":"","overlay-opacity":"","overlay-gradient":""},"tablet":{"background-color":"var(--ast-global-color-5)","background-image":"","background-repeat":"repeat","background-position":"center center","background-size":"auto","background-attachment":"scroll","background-type":"","background-media":"","overlay-type":"","overlay-color":"","overlay-opacity":"","overlay-gradient":""},"mobile":{"background-color":"var(--ast-global-color-5)","background-image":"","background-repeat":"repeat","background-position":"center center","background-size":"auto","background-attachment":"scroll","background-type":"","background-media":"","overlay-type":"","overlay-color":"","overlay-opacity":"","overlay-gradient":""}},"footnotes":""},"categories":[16],"tags":[],"class_list":["post-2325","post","type-post","status-publish","format-standard","has-post-thumbnail","hentry","category-proyectos"],"uagb_featured_image_src":{"full":["https:\/\/libertate.com.ar\/pruebas\/wp-content\/uploads\/1.-Dinamo-Mentorias.jpg",1280,644,false],"thumbnail":["https:\/\/libertate.com.ar\/pruebas\/wp-content\/uploads\/1.-Dinamo-Mentorias-150x150.jpg",150,150,true],"medium":["https:\/\/libertate.com.ar\/pruebas\/wp-content\/uploads\/1.-Dinamo-Mentorias-300x151.jpg",300,151,true],"medium_large":["https:\/\/libertate.com.ar\/pruebas\/wp-content\/uploads\/1.-Dinamo-Mentorias-768x386.jpg",768,386,true],"large":["https:\/\/libertate.com.ar\/pruebas\/wp-content\/uploads\/1.-Dinamo-Mentorias-1024x515.jpg",1024,515,true],"1536x1536":["https:\/\/libertate.com.ar\/pruebas\/wp-content\/uploads\/1.-Dinamo-Mentorias.jpg",1280,644,false],"2048x2048":["https:\/\/libertate.com.ar\/pruebas\/wp-content\/uploads\/1.-Dinamo-Mentorias.jpg",1280,644,false]},"uagb_author_info":{"display_name":"libertate","author_link":"https:\/\/libertate.com.ar\/pruebas\/author\/libertate\/"},"uagb_comment_info":0,"uagb_excerpt":"Con el apoyo de BASF y la Direcci\u00f3n de Discapacidad del Municipio de Malvinas Argentinas, este a\u00f1o continuamos el proceso de acompa\u00f1amiento a emprendimientos inclusivos mediante mesas de mentor\u00edas.","_links":{"self":[{"href":"https:\/\/libertate.com.ar\/pruebas\/wp-json\/wp\/v2\/posts\/2325","targetHints":{"allow":["GET"]}}],"collection":[{"href":"https:\/\/libertate.com.ar\/pruebas\/wp-json\/wp\/v2\/posts"}],"about":[{"href":"https:\/\/libertate.com.ar\/pruebas\/wp-json\/wp\/v2\/types\/post"}],"author":[{"embeddable":true,"href":"https:\/\/libertate.com.ar\/pruebas\/wp-json\/wp\/v2\/users\/3"}],"replies":[{"embeddable":true,"href":"https:\/\/libertate.com.ar\/pruebas\/wp-json\/wp\/v2\/comments?post=2325"}],"version-history":[{"count":0,"href":"https:\/\/libertate.com.ar\/pruebas\/wp-json\/wp\/v2\/posts\/2325\/revisions"}],"wp:featuredmedia":[{"embeddable":true,"href":"https:\/\/libertate.com.ar\/pruebas\/wp-json\/wp\/v2\/media\/2326"}],"wp:attachment":[{"href":"https:\/\/libertate.com.ar\/pruebas\/wp-json\/wp\/v2\/media?parent=2325"}],"wp:term":[{"taxonomy":"category","embeddable":true,"href":"https:\/\/libertate.com.ar\/pruebas\/wp-json\/wp\/v2\/categories?post=2325"},{"taxonomy":"post_tag","embeddable":true,"href":"https:\/\/libertate.com.ar\/pruebas\/wp-json\/wp\/v2\/tags?post=2325"}],"curies":[{"name":"wp","href":"https:\/\/api.w.org\/{rel}","templated":true}]}}