{"id":3704,"date":"2023-03-09T14:08:14","date_gmt":"2023-03-09T17:08:14","guid":{"rendered":"https:\/\/libertate.com.ar\/pruebas\/formacion-virtual-en-discapacidad-y-accesibilidad-para-municipios\/"},"modified":"2023-03-09T14:08:14","modified_gmt":"2023-03-09T17:08:14","slug":"formacion-virtual-en-discapacidad-y-accesibilidad-para-municipios","status":"publish","type":"post","link":"https:\/\/libertate.com.ar\/pruebas\/formacion-virtual-en-discapacidad-y-accesibilidad-para-municipios\/","title":{"rendered":"Lanzamiento de formaci\u00f3n virtual en perspectiva de discapacidad y accesibilidad para municipios"},"content":{"rendered":"\n<h1 class=\"wp-block-heading\">Lanzamiento de formaci\u00f3n virtual en perspectiva de discapacidad y accesibilidad para municipios: \u201c<strong>Construyendo un Estado con Perspectiva de Discapacidad y Accesibilidad\u201d<\/strong><\/h1>\n\n\n\n<p>Se lanz\u00f3 la primera formaci\u00f3n virtual en perspectiva de accesibilidad y discapacidad orientada a municipios, realizada por la Colectiva Nuestros Derechos en Foco, junto a nuestro apoyo y colaboraci\u00f3n en materia de accesibilidad y desarrollo web y audiovisual.<\/p>\n\n\n\n<p>La Colectiva Nuestros Derechos en foco naci\u00f3 en 2021, conformada en su mayor\u00eda por mujeres con discapacidad. Este grupo de mujeres organizadas busca compartir reflexiones para activar mediante acciones concretas que permitan visibilizar las barreras y vulneraciones que atraviesan, como as\u00ed tambi\u00e9n la reivindicaci\u00f3n de derechos del colectivo.<\/p>\n\n\n\n<p>Con el apoyo de Libertate, la diplomatura en usabilidad dise\u00f1o e inclusi\u00f3n UXDI y la organizaci\u00f3n Fondo de Mujeres del Sur, Nuestros derechos en Foco brinda una propuesta de formaci\u00f3n orientada a la capacitaci\u00f3n de personas que trabajan en el Estado.<\/p>\n\n\n\n<p>La formaci\u00f3n virtual fue desarrollada desde el abordaje de mujeres con discapacidad de la colectiva y busca proporcionar herramientas y pr\u00e1cticas concretas en relaci\u00f3n a la atenci\u00f3n y conocimiento de las distintas problem\u00e1ticas de la poblaci\u00f3n de personas con discapacidad a trabajadores y trabajadoras del Estado, con el fin de erradicar violencias institucionales.<\/p>\n\n\n\n<p>En esta oportunidad, el lanzamiento hace foco en los municipios de la provincia de Buenos Aires, por estar alineados a la ley provincial 15.296 de capacitaci\u00f3n obligatoria en discapacidad.&nbsp;<\/p>\n\n\n\n<p>Ya se encuentran realizando la capacitaci\u00f3n, trabajadores y trabajadoras del Municipio de Malvinas Argentinas, Tandil y Arrecifes.<\/p>\n\n\n\n<p>Para mayor informaci\u00f3n sobre la formaci\u00f3n se encuentra disponible la p\u00e1gina <a rel=\\\"noreferrer noopener\\\" href=\\\"http:\/\/www.nuestrosderechosenfoco.com.ar\\\" target=\\\"_blank\\\">www.nuestrosderechosenfoco.com.ar<\/a>\u00a0 o su <a href=\\\"https:\/\/www.instagram.com\/colectiva.ndf\/\\\" target=\\\"_blank\\\" rel=\\\"noreferrer noopener\\\">Instagram<\/a>.<\/p>\n","protected":false},"excerpt":{"rendered":"<p>Se lanz\u00f3 la primera formaci\u00f3n virtual en perspectiva de accesibilidad y discapacidad orientada a municipios, realizada por la Colectiva Nuestros Derechos en Foco, junto a nuestro apoyo y colaboraci\u00f3n en materia de accesibilidad y desarrollo web y audiovisual.<\/p>\n","protected":false},"author":3,"featured_media":3708,"comment_status":"closed","ping_status":"open","sticky":false,"template":"","format":"standard","meta":{"_uag_custom_page_level_css":"","site-sidebar-layout":"default","site-content-layout":"","ast-site-content-layout":"","site-content-style":"default","site-sidebar-style":"default","ast-global-header-display":"","ast-banner-title-visibility":"","ast-main-header-display":"","ast-hfb-above-header-display":"","ast-hfb-below-header-display":"","ast-hfb-mobile-header-display":"","site-post-title":"","ast-breadcrumbs-content":"","ast-featured-img":"","footer-sml-layout":"","theme-transparent-header-meta":"","adv-header-id-meta":"","stick-header-meta":"","header-above-stick-meta":"","header-main-stick-meta":"","header-below-stick-meta":"","astra-migrate-meta-layouts":"default","ast-page-background-enabled":"default","ast-page-background-meta":{"desktop":{"background-color":"","background-image":"","background-repeat":"repeat","background-position":"center center","background-size":"auto","background-attachment":"scroll","background-type":"","background-media":"","overlay-type":"","overlay-color":"","overlay-opacity":"","overlay-gradient":""},"tablet":{"background-color":"","background-image":"","background-repeat":"repeat","background-position":"center center","background-size":"auto","background-attachment":"scroll","background-type":"","background-media":"","overlay-type":"","overlay-color":"","overlay-opacity":"","overlay-gradient":""},"mobile":{"background-color":"","background-image":"","background-repeat":"repeat","background-position":"center center","background-size":"auto","background-attachment":"scroll","background-type":"","background-media":"","overlay-type":"","overlay-color":"","overlay-opacity":"","overlay-gradient":""}},"ast-content-background-meta":{"desktop":{"background-color":"var(--ast-global-color-5)","background-image":"","background-repeat":"repeat","background-position":"center center","background-size":"auto","background-attachment":"scroll","background-type":"","background-media":"","overlay-type":"","overlay-color":"","overlay-opacity":"","overlay-gradient":""},"tablet":{"background-color":"var(--ast-global-color-5)","background-image":"","background-repeat":"repeat","background-position":"center center","background-size":"auto","background-attachment":"scroll","background-type":"","background-media":"","overlay-type":"","overlay-color":"","overlay-opacity":"","overlay-gradient":""},"mobile":{"background-color":"var(--ast-global-color-5)","background-image":"","background-repeat":"repeat","background-position":"center center","background-size":"auto","background-attachment":"scroll","background-type":"","background-media":"","overlay-type":"","overlay-color":"","overlay-opacity":"","overlay-gradient":""}},"footnotes":""},"categories":[16],"tags":[],"class_list":["post-3704","post","type-post","status-publish","format-standard","has-post-thumbnail","hentry","category-proyectos"],"uagb_featured_image_src":{"full":["https:\/\/libertate.com.ar\/pruebas\/wp-content\/uploads\/foto-ndf-nota.jpeg",1366,768,false],"thumbnail":["https:\/\/libertate.com.ar\/pruebas\/wp-content\/uploads\/foto-ndf-nota-150x150.jpeg",150,150,true],"medium":["https:\/\/libertate.com.ar\/pruebas\/wp-content\/uploads\/foto-ndf-nota-300x169.jpeg",300,169,true],"medium_large":["https:\/\/libertate.com.ar\/pruebas\/wp-content\/uploads\/foto-ndf-nota-768x432.jpeg",768,432,true],"large":["https:\/\/libertate.com.ar\/pruebas\/wp-content\/uploads\/foto-ndf-nota-1024x576.jpeg",1024,576,true],"1536x1536":["https:\/\/libertate.com.ar\/pruebas\/wp-content\/uploads\/foto-ndf-nota.jpeg",1366,768,false],"2048x2048":["https:\/\/libertate.com.ar\/pruebas\/wp-content\/uploads\/foto-ndf-nota.jpeg",1366,768,false]},"uagb_author_info":{"display_name":"libertate","author_link":"https:\/\/libertate.com.ar\/pruebas\/author\/libertate\/"},"uagb_comment_info":0,"uagb_excerpt":"Se lanz\u00f3 la primera formaci\u00f3n virtual en perspectiva de accesibilidad y discapacidad orientada a municipios, realizada por la Colectiva Nuestros Derechos en Foco, junto a nuestro apoyo y colaboraci\u00f3n en materia de accesibilidad y desarrollo web y audiovisual.","_links":{"self":[{"href":"https:\/\/libertate.com.ar\/pruebas\/wp-json\/wp\/v2\/posts\/3704","targetHints":{"allow":["GET"]}}],"collection":[{"href":"https:\/\/libertate.com.ar\/pruebas\/wp-json\/wp\/v2\/posts"}],"about":[{"href":"https:\/\/libertate.com.ar\/pruebas\/wp-json\/wp\/v2\/types\/post"}],"author":[{"embeddable":true,"href":"https:\/\/libertate.com.ar\/pruebas\/wp-json\/wp\/v2\/users\/3"}],"replies":[{"embeddable":true,"href":"https:\/\/libertate.com.ar\/pruebas\/wp-json\/wp\/v2\/comments?post=3704"}],"version-history":[{"count":0,"href":"https:\/\/libertate.com.ar\/pruebas\/wp-json\/wp\/v2\/posts\/3704\/revisions"}],"wp:featuredmedia":[{"embeddable":true,"href":"https:\/\/libertate.com.ar\/pruebas\/wp-json\/wp\/v2\/media\/3708"}],"wp:attachment":[{"href":"https:\/\/libertate.com.ar\/pruebas\/wp-json\/wp\/v2\/media?parent=3704"}],"wp:term":[{"taxonomy":"category","embeddable":true,"href":"https:\/\/libertate.com.ar\/pruebas\/wp-json\/wp\/v2\/categories?post=3704"},{"taxonomy":"post_tag","embeddable":true,"href":"https:\/\/libertate.com.ar\/pruebas\/wp-json\/wp\/v2\/tags?post=3704"}],"curies":[{"name":"wp","href":"https:\/\/api.w.org\/{rel}","templated":true}]}}