{"id":4011,"date":"2023-09-14T15:27:13","date_gmt":"2023-09-14T18:27:13","guid":{"rendered":"https:\/\/libertate.com.ar\/pruebas\/municipios-con-perspectiva-de-discapacidad-y-accesibilidad\/"},"modified":"2023-09-14T15:27:13","modified_gmt":"2023-09-14T18:27:13","slug":"municipios-con-perspectiva-de-discapacidad-y-accesibilidad","status":"publish","type":"post","link":"https:\/\/libertate.com.ar\/pruebas\/municipios-con-perspectiva-de-discapacidad-y-accesibilidad\/","title":{"rendered":"Municipios con perspectiva de discapacidad y accesibilidad"},"content":{"rendered":"\n<h1 class=\"\\&quot;wp-block-heading\\&quot; wp-block-heading\"><strong><strong>Municipios con perspectiva de discapacidad y accesibilidad<\/strong><\/strong><\/h1>\n\n\n\n<p>La Colectiva Nuestros Derechos en Foco, en alianza con Libertate lanz\u00f3 una Convocatoria para aquellos municipios que quieran formarse desde un enfoque interseccional en discapacidad.&nbsp;<\/p>\n\n\n\n<p>Desde Libertate a trav\u00e9s de nuestra reinversi\u00f3n social acompa\u00f1amos a la colectiva en este gran proyecto, dando soporte para la comunicaci\u00f3n y difusi\u00f3n de la convocatoria en formato accesible, realizando piezas audiovisuales y landing accesible y generando articulaciones estrat\u00e9gicas valiosas para la iniciativa.&nbsp;<\/p>\n\n\n\n<p>Luego del proceso de convocatoria y selecci\u00f3n fueron seleccionados los siguientes 5 municipios:<\/p>\n\n\n\n<ul class=\"wp-block-list\">\n<li><strong>Primer lugar: <\/strong>Municipalidad de Crespo, Entre R\u00edos.<\/li>\n\n\n\n<li><strong>Segundo lugar: <\/strong>Municipalidad de San Salvador de Jujuy, Jujuy.<\/li>\n\n\n\n<li><strong>Tercer lugar: <\/strong>Municipalidad de la Ciudad de Neuqu\u00e9n, Neuqu\u00e9n.<\/li>\n\n\n\n<li><strong>Cuarto lugar: <\/strong>Municipalidad de Tres Isletas, Chaco.<\/li>\n\n\n\n<li><strong>Quinto lugar: <\/strong>Municipio de Suipacha, Buenos Aires.<\/li>\n<\/ul>\n\n\n\n<p>La evaluaci\u00f3n y selecci\u00f3n fue realizada por un jurado, en d\u00f3nde particip\u00f3 Andr\u00e9s Terrile por parte de Libertate junto a: Celeste Pavez Molina, de la Colectiva NDF; Bel\u00e9n Arcucci de ACIJ; Celeste Villacorta, Directora de Discapacidad de Malvinas Argentinas; Luc\u00eda Gonz\u00e1lez, Directora de Discapacidad y Adultos Mayores de Tandil; Ver\u00f3nica Gonzalez Bonet, periodista, integrante de REDI.<\/p>\n\n\n\n<p>Los municipios ganadores acceder\u00e1n a un proceso de formaci\u00f3n en discapacidad y accesibilidad a cargo de la Colectiva NDF, construido desde la perspectiva de g\u00e9nero y diversidades, basado en el marco de derechos humanos, legislaciones nacionales vigentes y la Convenci\u00f3n Internacional sobre los Derechos de las Personas con Discapacidad.<\/p>\n\n\n\n<p>Te compartimos este video con m\u00e1s informaci\u00f3n de lo que fue la convocatoria y testimonios de los municipios que ya pasaron por la formaci\u00f3n el a\u00f1o pasado:<\/p>\n\n\n\n<figure class=\\\"wp-block-embed is-type-video is-provider-youtube wp-block-embed-youtube wp-embed-aspect-16-9 wp-has-aspect-ratio\\\"><div class=\\\"wp-block-embed__wrapper\\\">\n<div class=\"ast-oembed-container \" style=\"height: 100%;\"><iframe loading=\"lazy\" title=\"Convocatoria a municipios &quot;Estado con perspectiva de discapacidad y accesibilidad&quot;\" width=\"500\" height=\"281\" src=\"https:\/\/www.youtube.com\/embed\/kMjmx4ijqes?feature=oembed\" frameborder=\"0\" allow=\"accelerometer; autoplay; clipboard-write; encrypted-media; gyroscope; picture-in-picture; web-share\" referrerpolicy=\"strict-origin-when-cross-origin\" allowfullscreen><\/iframe><\/div>\n<\/div><\/figure>\n\n\n\n<p>Esta iniciativa adem\u00e1s cuenta con el apoyo de ACIJ (Asociaci\u00f3n Civil por la Igualdad y la Justicia) y el Fondo de Mujeres del Sur. Adem\u00e1s, el curso est\u00e1 avalado por la Provincia de Buenos Aires y cont\u00f3 con el acompa\u00f1amiento en difusi\u00f3n de RIL (Red de Innovaci\u00f3n Local) RIL.<\/p>\n\n\n\n<p>Para conocer m\u00e1s entr\u00e1 a:<br><a href=\\\"https:\/\/nuestrosderechosenfoco.com.ar\/formacion-municipios\/\\\">https:\/\/nuestrosderechosenfoco.com.ar\/formacion-municipios\/<\/a><\/p>\n","protected":false},"excerpt":{"rendered":"<p>La Colectiva Nuestros Derechos en Foco, en alianza con Libertate lanz\u00f3 una Convocatoria para aquellos municipios que quieran formarse desde un enfoque interseccional en discapacidad.\u00a0<\/p>\n","protected":false},"author":3,"featured_media":4030,"comment_status":"closed","ping_status":"open","sticky":false,"template":"","format":"standard","meta":{"_uag_custom_page_level_css":"","site-sidebar-layout":"default","site-content-layout":"","ast-site-content-layout":"","site-content-style":"default","site-sidebar-style":"default","ast-global-header-display":"","ast-banner-title-visibility":"","ast-main-header-display":"","ast-hfb-above-header-display":"","ast-hfb-below-header-display":"","ast-hfb-mobile-header-display":"","site-post-title":"","ast-breadcrumbs-content":"","ast-featured-img":"","footer-sml-layout":"","theme-transparent-header-meta":"","adv-header-id-meta":"","stick-header-meta":"","header-above-stick-meta":"","header-main-stick-meta":"","header-below-stick-meta":"","astra-migrate-meta-layouts":"default","ast-page-background-enabled":"default","ast-page-background-meta":{"desktop":{"background-color":"","background-image":"","background-repeat":"repeat","background-position":"center center","background-size":"auto","background-attachment":"scroll","background-type":"","background-media":"","overlay-type":"","overlay-color":"","overlay-opacity":"","overlay-gradient":""},"tablet":{"background-color":"","background-image":"","background-repeat":"repeat","background-position":"center center","background-size":"auto","background-attachment":"scroll","background-type":"","background-media":"","overlay-type":"","overlay-color":"","overlay-opacity":"","overlay-gradient":""},"mobile":{"background-color":"","background-image":"","background-repeat":"repeat","background-position":"center center","background-size":"auto","background-attachment":"scroll","background-type":"","background-media":"","overlay-type":"","overlay-color":"","overlay-opacity":"","overlay-gradient":""}},"ast-content-background-meta":{"desktop":{"background-color":"var(--ast-global-color-5)","background-image":"","background-repeat":"repeat","background-position":"center center","background-size":"auto","background-attachment":"scroll","background-type":"","background-media":"","overlay-type":"","overlay-color":"","overlay-opacity":"","overlay-gradient":""},"tablet":{"background-color":"var(--ast-global-color-5)","background-image":"","background-repeat":"repeat","background-position":"center center","background-size":"auto","background-attachment":"scroll","background-type":"","background-media":"","overlay-type":"","overlay-color":"","overlay-opacity":"","overlay-gradient":""},"mobile":{"background-color":"var(--ast-global-color-5)","background-image":"","background-repeat":"repeat","background-position":"center center","background-size":"auto","background-attachment":"scroll","background-type":"","background-media":"","overlay-type":"","overlay-color":"","overlay-opacity":"","overlay-gradient":""}},"footnotes":""},"categories":[16],"tags":[],"class_list":["post-4011","post","type-post","status-publish","format-standard","has-post-thumbnail","hentry","category-proyectos"],"uagb_featured_image_src":{"full":["https:\/\/libertate.com.ar\/pruebas\/wp-content\/uploads\/municipios-concursos.jpg",1869,551,false],"thumbnail":["https:\/\/libertate.com.ar\/pruebas\/wp-content\/uploads\/municipios-concursos-150x150.jpg",150,150,true],"medium":["https:\/\/libertate.com.ar\/pruebas\/wp-content\/uploads\/municipios-concursos-300x88.jpg",300,88,true],"medium_large":["https:\/\/libertate.com.ar\/pruebas\/wp-content\/uploads\/municipios-concursos-768x226.jpg",768,226,true],"large":["https:\/\/libertate.com.ar\/pruebas\/wp-content\/uploads\/municipios-concursos-1024x302.jpg",1024,302,true],"1536x1536":["https:\/\/libertate.com.ar\/pruebas\/wp-content\/uploads\/municipios-concursos-1536x453.jpg",1536,453,true],"2048x2048":["https:\/\/libertate.com.ar\/pruebas\/wp-content\/uploads\/municipios-concursos.jpg",1869,551,false]},"uagb_author_info":{"display_name":"libertate","author_link":"https:\/\/libertate.com.ar\/pruebas\/author\/libertate\/"},"uagb_comment_info":0,"uagb_excerpt":"La Colectiva Nuestros Derechos en Foco, en alianza con Libertate lanz\u00f3 una Convocatoria para aquellos municipios que quieran formarse desde un enfoque interseccional en discapacidad.\u00a0","_links":{"self":[{"href":"https:\/\/libertate.com.ar\/pruebas\/wp-json\/wp\/v2\/posts\/4011","targetHints":{"allow":["GET"]}}],"collection":[{"href":"https:\/\/libertate.com.ar\/pruebas\/wp-json\/wp\/v2\/posts"}],"about":[{"href":"https:\/\/libertate.com.ar\/pruebas\/wp-json\/wp\/v2\/types\/post"}],"author":[{"embeddable":true,"href":"https:\/\/libertate.com.ar\/pruebas\/wp-json\/wp\/v2\/users\/3"}],"replies":[{"embeddable":true,"href":"https:\/\/libertate.com.ar\/pruebas\/wp-json\/wp\/v2\/comments?post=4011"}],"version-history":[{"count":0,"href":"https:\/\/libertate.com.ar\/pruebas\/wp-json\/wp\/v2\/posts\/4011\/revisions"}],"wp:featuredmedia":[{"embeddable":true,"href":"https:\/\/libertate.com.ar\/pruebas\/wp-json\/wp\/v2\/media\/4030"}],"wp:attachment":[{"href":"https:\/\/libertate.com.ar\/pruebas\/wp-json\/wp\/v2\/media?parent=4011"}],"wp:term":[{"taxonomy":"category","embeddable":true,"href":"https:\/\/libertate.com.ar\/pruebas\/wp-json\/wp\/v2\/categories?post=4011"},{"taxonomy":"post_tag","embeddable":true,"href":"https:\/\/libertate.com.ar\/pruebas\/wp-json\/wp\/v2\/tags?post=4011"}],"curies":[{"name":"wp","href":"https:\/\/api.w.org\/{rel}","templated":true}]}}