{"id":4255,"date":"2024-01-22T20:24:48","date_gmt":"2024-01-22T23:24:48","guid":{"rendered":"https:\/\/libertate.com.ar\/pruebas\/discapacidad-desde-un-enfoque-de-diversidad-arcelormittal-y-libertate\/"},"modified":"2024-01-22T20:24:48","modified_gmt":"2024-01-22T23:24:48","slug":"discapacidad-desde-un-enfoque-de-diversidad-arcelormittal-y-libertate","status":"publish","type":"post","link":"https:\/\/libertate.com.ar\/pruebas\/discapacidad-desde-un-enfoque-de-diversidad-arcelormittal-y-libertate\/","title":{"rendered":"Discapacidad desde un enfoque de diversidad: Arcelormittal y Libertate"},"content":{"rendered":"\n<h1 class=\"\\&quot;wp-block-heading\\&quot; wp-block-heading\"><strong><strong><strong>Discapacidad desde un enfoque de diversidad: Arcelormittal y Libertate<\/strong><\/strong><\/strong><\/h1>\n\n\n\n<p>En ocasi\u00f3n del D\u00eda Internacional de las Personas con Discapacidad, y en alianza con la empresa metal\u00fargica Arcelormittal, desarrollamos una acci\u00f3n para toda la compa\u00f1\u00eda en Argentina que permiti\u00f3 compartir informaci\u00f3n y marco de derechos sobre la tem\u00e1tica&nbsp; discapacidad desde un enfoque de diversidad.&nbsp;<\/p>\n\n\n\n<p>Entre las acciones principales del encuentro, se promovieron din\u00e1micas e informaci\u00f3n para deconstruir sesgos arraigados a la discapacidad que la alejan de un enfoque de diversidad y pudimos compartir herramientas para promover acciones inclusivas en entornos laborales.<\/p>\n\n\n\n<p>Durante esta jornada, las personas que asistieron pudieron incorporar conceptos fundamentales de discapacidad, identificar barreras de los entornos y delinear posibles buenas pr\u00e1cticas a replicar en sus espacios de trabajo.&nbsp;<\/p>\n\n\n\n<p>Al respecto, Agustina Bonnin, de la direcci\u00f3n de Cultura de Arcelormittal, expres\u00f3 que: \u201cFue realmente un espacio transformacional, con gran rigurosidad te\u00f3rica y cercan\u00eda de los facilitadores con las personas asistentes. Las dos personas facilitadoras compartieron contenido de enorme valor para mirar la discapacidad con perspectiva de diversidad\u201d.&nbsp;<\/p>\n\n\n\n<p>Adem\u00e1s, se destac\u00f3 la importancia de las herramientas brindadas como gu\u00eda para asumir compromisos para promover entornos que no tengan barreras ni obst\u00e1culos para el pleno desarrollo de los personas..<\/p>\n\n\n\n<p>En Libertate estamos muy contentos de acompa\u00f1ar a equipos y empresas promotoras de la diversidad.<\/p>\n\n\n\n<p>\u00a1Aprovechamos para desearles un muy feliz 2024 a todas las empresas comprometidas con la discapacidad y accesibilidad!<\/p>\n","protected":false},"excerpt":{"rendered":"<p>En ocasi\u00f3n del D\u00eda Internacional de las Personas con Discapacidad, y en alianza con la empresa metal\u00fargica Arcelormittal, desarrollamos una acci\u00f3n para toda la compa\u00f1\u00eda en Argentina que permiti\u00f3 compartir informaci\u00f3n y marco de derechos sobre la tem\u00e1tica\u00a0 discapacidad desde un enfoque de diversidad.<\/p>\n","protected":false},"author":3,"featured_media":4257,"comment_status":"closed","ping_status":"open","sticky":false,"template":"","format":"standard","meta":{"_uag_custom_page_level_css":"","site-sidebar-layout":"default","site-content-layout":"","ast-site-content-layout":"","site-content-style":"default","site-sidebar-style":"default","ast-global-header-display":"","ast-banner-title-visibility":"","ast-main-header-display":"","ast-hfb-above-header-display":"","ast-hfb-below-header-display":"","ast-hfb-mobile-header-display":"","site-post-title":"","ast-breadcrumbs-content":"","ast-featured-img":"","footer-sml-layout":"","theme-transparent-header-meta":"","adv-header-id-meta":"","stick-header-meta":"","header-above-stick-meta":"","header-main-stick-meta":"","header-below-stick-meta":"","astra-migrate-meta-layouts":"default","ast-page-background-enabled":"default","ast-page-background-meta":{"desktop":{"background-color":"","background-image":"","background-repeat":"repeat","background-position":"center center","background-size":"auto","background-attachment":"scroll","background-type":"","background-media":"","overlay-type":"","overlay-color":"","overlay-opacity":"","overlay-gradient":""},"tablet":{"background-color":"","background-image":"","background-repeat":"repeat","background-position":"center center","background-size":"auto","background-attachment":"scroll","background-type":"","background-media":"","overlay-type":"","overlay-color":"","overlay-opacity":"","overlay-gradient":""},"mobile":{"background-color":"","background-image":"","background-repeat":"repeat","background-position":"center center","background-size":"auto","background-attachment":"scroll","background-type":"","background-media":"","overlay-type":"","overlay-color":"","overlay-opacity":"","overlay-gradient":""}},"ast-content-background-meta":{"desktop":{"background-color":"var(--ast-global-color-5)","background-image":"","background-repeat":"repeat","background-position":"center center","background-size":"auto","background-attachment":"scroll","background-type":"","background-media":"","overlay-type":"","overlay-color":"","overlay-opacity":"","overlay-gradient":""},"tablet":{"background-color":"var(--ast-global-color-5)","background-image":"","background-repeat":"repeat","background-position":"center center","background-size":"auto","background-attachment":"scroll","background-type":"","background-media":"","overlay-type":"","overlay-color":"","overlay-opacity":"","overlay-gradient":""},"mobile":{"background-color":"var(--ast-global-color-5)","background-image":"","background-repeat":"repeat","background-position":"center center","background-size":"auto","background-attachment":"scroll","background-type":"","background-media":"","overlay-type":"","overlay-color":"","overlay-opacity":"","overlay-gradient":""}},"footnotes":""},"categories":[16],"tags":[],"class_list":["post-4255","post","type-post","status-publish","format-standard","has-post-thumbnail","hentry","category-proyectos"],"uagb_featured_image_src":{"full":["https:\/\/libertate.com.ar\/pruebas\/wp-content\/uploads\/ArcekirMittal.jpg",1200,600,false],"thumbnail":["https:\/\/libertate.com.ar\/pruebas\/wp-content\/uploads\/ArcekirMittal-150x150.jpg",150,150,true],"medium":["https:\/\/libertate.com.ar\/pruebas\/wp-content\/uploads\/ArcekirMittal-300x150.jpg",300,150,true],"medium_large":["https:\/\/libertate.com.ar\/pruebas\/wp-content\/uploads\/ArcekirMittal-768x384.jpg",768,384,true],"large":["https:\/\/libertate.com.ar\/pruebas\/wp-content\/uploads\/ArcekirMittal-1024x512.jpg",1024,512,true],"1536x1536":["https:\/\/libertate.com.ar\/pruebas\/wp-content\/uploads\/ArcekirMittal.jpg",1200,600,false],"2048x2048":["https:\/\/libertate.com.ar\/pruebas\/wp-content\/uploads\/ArcekirMittal.jpg",1200,600,false]},"uagb_author_info":{"display_name":"libertate","author_link":"https:\/\/libertate.com.ar\/pruebas\/author\/libertate\/"},"uagb_comment_info":0,"uagb_excerpt":"En ocasi\u00f3n del D\u00eda Internacional de las Personas con Discapacidad, y en alianza con la empresa metal\u00fargica Arcelormittal, desarrollamos una acci\u00f3n para toda la compa\u00f1\u00eda en Argentina que permiti\u00f3 compartir informaci\u00f3n y marco de derechos sobre la tem\u00e1tica\u00a0 discapacidad desde un enfoque de diversidad.","_links":{"self":[{"href":"https:\/\/libertate.com.ar\/pruebas\/wp-json\/wp\/v2\/posts\/4255","targetHints":{"allow":["GET"]}}],"collection":[{"href":"https:\/\/libertate.com.ar\/pruebas\/wp-json\/wp\/v2\/posts"}],"about":[{"href":"https:\/\/libertate.com.ar\/pruebas\/wp-json\/wp\/v2\/types\/post"}],"author":[{"embeddable":true,"href":"https:\/\/libertate.com.ar\/pruebas\/wp-json\/wp\/v2\/users\/3"}],"replies":[{"embeddable":true,"href":"https:\/\/libertate.com.ar\/pruebas\/wp-json\/wp\/v2\/comments?post=4255"}],"version-history":[{"count":0,"href":"https:\/\/libertate.com.ar\/pruebas\/wp-json\/wp\/v2\/posts\/4255\/revisions"}],"wp:featuredmedia":[{"embeddable":true,"href":"https:\/\/libertate.com.ar\/pruebas\/wp-json\/wp\/v2\/media\/4257"}],"wp:attachment":[{"href":"https:\/\/libertate.com.ar\/pruebas\/wp-json\/wp\/v2\/media?parent=4255"}],"wp:term":[{"taxonomy":"category","embeddable":true,"href":"https:\/\/libertate.com.ar\/pruebas\/wp-json\/wp\/v2\/categories?post=4255"},{"taxonomy":"post_tag","embeddable":true,"href":"https:\/\/libertate.com.ar\/pruebas\/wp-json\/wp\/v2\/tags?post=4255"}],"curies":[{"name":"wp","href":"https:\/\/api.w.org\/{rel}","templated":true}]}}